{"id":805,"date":"2026-01-20T14:24:04","date_gmt":"2026-01-20T14:24:04","guid":{"rendered":"https:\/\/catedraeniaupvds.webs.upv.es\/?p=805"},"modified":"2026-01-20T15:25:27","modified_gmt":"2026-01-20T15:25:27","slug":"la-catedra-enia-upv-publica-las-bases-para-los-premios-a-mejor-tfg-y-tfm-en-inteligencia-artificial-y-desarrollo-sostenible","status":"publish","type":"post","link":"https:\/\/catedraeniaupvds.webs.upv.es\/index.php\/2026\/01\/20\/la-catedra-enia-upv-publica-las-bases-para-los-premios-a-mejor-tfg-y-tfm-en-inteligencia-artificial-y-desarrollo-sostenible\/","title":{"rendered":"La C\u00e1tedra ENIA-UPV publica las bases para los premios a mejor TFG y TFM en inteligencia artificial y desarrollo sostenible"},"content":{"rendered":"\n<h6 class=\"wp-block-heading\"><strong>El objetivo de estos galardones es reconocer y fomentar la exclencia acad\u00e9mica, la innovaci\u00f3n y el impacto social de los trabajos cuyas candidaturas se podr\u00e1n realizar del 26 de enero al 16 de febrero<\/strong><\/h6>\n\n\n\n<p><strong><u>Val\u00e8ncia, 20 de enero de 2026.<\/u><\/strong> La C\u00e1tedra ENIA-UPV, con Nunsys Group como empresa promotora, ha hecho p\u00fablicas las bases para los premios a los mejores Trabajos Fin de Grado (TFG) y Trabajos Fin de M\u00e1ster (TFM) en inteligencia artificial y desarrollo sostenible. El objetivo de esta convocatoria es &nbsp;reconocer y fomentar la excelencia acad\u00e9mica, la innovaci\u00f3n y el impacto social de los trabajos que apliquen la inteligencia artificial a los retos del desarrollo sostenible.<\/p>\n\n\n\n<p>Estos galardones pretenden visibilizar el talento del estudiantado y promover soluciones basadas en IA alineadas con los Objetivos de Desarrollo Sostenible (ODS), la sostenibilidad ambiental, social y econ\u00f3mica, y el desarrollo de ciudades y territorios inteligentes.<\/p>\n\n\n\n<p>Los requisitos para participar en esta convocatoria son haber defendido el TFG o TFM en la Universitat Polit\u00e8cnica de Val\u00e8ncia durante el periodo septiembre 2024 a enero 2026. Y que este trabajo est\u00e9 directamente relacionado con la tem\u00e1tica de la C\u00e1tedra ENIA-UPV, incluyendo, entre otros, los siguientes \u00e1mbitos; inteligencia artificial aplicada a la sostenibilidad, ciudades inteligentes y sostenibles, gemelos digitales, agentes inteligentes e interoperabilidad, energ\u00eda, movilidad, medio ambiente, econom\u00eda circular o gesti\u00f3n de recursos, impacto social, \u00e9tico y responsable de la IA.<\/p>\n\n\n\n<p>El plazo de presentaci\u00f3n de candidaturas para estos premios ser\u00e1 desde el 26 de enero de 2026 hasta el 16 de febrero de 2026. Mientras que la resoluci\u00f3n de los mismos se har\u00e1 p\u00fablica durante el acto de entrega de premios, de la jornada <strong>\u201cIA y sostenibilidad: un viaje de talento, ciencia y futuro\u201d<\/strong>, organizada por la C\u00e1tedra ENIA-UPV el 19 de febrero en el Sal\u00f3n de actos ETSINF de la Universitat Polit\u00e8cnica de Val\u00e8ncia.<\/p>\n\n\n\n<p>Puedes consultar aqu\u00ed <a href=\"https:\/\/catedraeniaupvds.webs.upv.es\/wp-content\/uploads\/2026\/01\/Conv_TFG_TFM.pdf\">las bases de esta convocatoria.<\/a> <\/p>\n\n\n\n<p><strong>Sobre C\u00e1tedra ENIA-UPV &nbsp;&nbsp;&nbsp;<\/strong><\/p>\n\n\n\n<p>La C\u00e1tedra ENIA-UPV nace con el objetivo de formar en inteligencia artificial a los egresados de las titulaciones que imparte la UPV para resolver problemas de desarrollo sostenible, ya que la IA se est\u00e1 convirtiendo en una tecnolog\u00eda transversal requerida en la formaci\u00f3n de diversas titulaciones. As\u00ed como fomentar la cooperaci\u00f3n entre los mejores equipos de investigaci\u00f3n de la UPV y crear un sello de calidad dentro del sistema universitario mundial. Esta nueva c\u00e1tedra pretende ser un revulsivo para el modelo productivo de la Comunitat Valenciana y ayudar al sector empresarial para que incorpore en sus procesos la IA, y evitar as\u00ed la brecha digital.<\/p>\n\n\n\n<p>La C\u00e1tedra ENIA-UPV tiene entre sus prioridades una IA para la sociedad con ciudades y territorios inteligentes sostenibles. A trav\u00e9s del desarrollo para las econom\u00edas nacionales, las aplicaciones para mejorar la movilidad y la seguridad, la mejora de la sostenibilidad de las ciudades y las tecnolog\u00edas de la IA para el desarrollo de capacidades sensoriales artificiales.<\/p>\n","protected":false},"excerpt":{"rendered":"<p>El objetivo de estos galardones es reconocer y fomentar la exclencia acad\u00e9mica, la innovaci\u00f3n y el impacto social de los [&hellip;]<\/p>\n","protected":false},"author":2,"featured_media":794,"comment_status":"open","ping_status":"closed","sticky":false,"template":"","format":"standard","meta":{"site-sidebar-layout":"default","site-content-layout":"","ast-site-content-layout":"default","site-content-style":"default","site-sidebar-style":"default","ast-global-header-display":"","ast-banner-title-visibility":"","ast-main-header-display":"","ast-hfb-above-header-display":"","ast-hfb-below-header-display":"","ast-hfb-mobile-header-display":"","site-post-title":"","ast-breadcrumbs-content":"","ast-featured-img":"","footer-sml-layout":"","ast-disable-related-posts":"","theme-transparent-header-meta":"","adv-header-id-meta":"","stick-header-meta":"","header-above-stick-meta":"","header-main-stick-meta":"","header-below-stick-meta":"","astra-migrate-meta-layouts":"default","ast-page-background-enabled":"default","ast-page-background-meta":{"desktop":{"background-color":"var(--ast-global-color-4)","background-image":"","background-repeat":"repeat","background-position":"center center","background-size":"auto","background-attachment":"scroll","background-type":"","background-media":"","overlay-type":"","overlay-color":"","overlay-opacity":"","overlay-gradient":""},"tablet":{"background-color":"","background-image":"","background-repeat":"repeat","background-position":"center center","background-size":"auto","background-attachment":"scroll","background-type":"","background-media":"","overlay-type":"","overlay-color":"","overlay-opacity":"","overlay-gradient":""},"mobile":{"background-color":"","background-image":"","background-repeat":"repeat","background-position":"center center","background-size":"auto","background-attachment":"scroll","background-type":"","background-media":"","overlay-type":"","overlay-color":"","overlay-opacity":"","overlay-gradient":""}},"ast-content-background-meta":{"desktop":{"background-color":"var(--ast-global-color-5)","background-image":"","background-repeat":"repeat","background-position":"center center","background-size":"auto","background-attachment":"scroll","background-type":"","background-media":"","overlay-type":"","overlay-color":"","overlay-opacity":"","overlay-gradient":""},"tablet":{"background-color":"var(--ast-global-color-5)","background-image":"","background-repeat":"repeat","background-position":"center center","background-size":"auto","background-attachment":"scroll","background-type":"","background-media":"","overlay-type":"","overlay-color":"","overlay-opacity":"","overlay-gradient":""},"mobile":{"background-color":"var(--ast-global-color-5)","background-image":"","background-repeat":"repeat","background-position":"center center","background-size":"auto","background-attachment":"scroll","background-type":"","background-media":"","overlay-type":"","overlay-color":"","overlay-opacity":"","overlay-gradient":""}},"footnotes":""},"categories":[4],"tags":[6,23,13,8],"class_list":["post-805","post","type-post","status-publish","format-standard","has-post-thumbnail","hentry","category-noticias","tag-catedra-enia-upv","tag-premios-mejor-tfg-tfm","tag-smart-cities","tag-sostenibilidad"],"yoast_head":"<!-- This site is optimized with the Yoast SEO plugin v24.2 - https:\/\/yoast.com\/wordpress\/plugins\/seo\/ -->\n<title>La C\u00e1tedra ENIA-UPV publica las bases para los premios a mejor TFG y TFM en inteligencia artificial y desarrollo sostenible - C\u00e1tedra ENIA-UPV en IA desarrollo sostenible<\/title>\n<meta name=\"robots\" content=\"index, follow, max-snippet:-1, max-image-preview:large, max-video-preview:-1\" \/>\n<link rel=\"canonical\" href=\"https:\/\/catedraeniaupvds.webs.upv.es\/index.php\/2026\/01\/20\/la-catedra-enia-upv-publica-las-bases-para-los-premios-a-mejor-tfg-y-tfm-en-inteligencia-artificial-y-desarrollo-sostenible\/\" \/>\n<meta property=\"og:locale\" content=\"es_ES\" \/>\n<meta property=\"og:type\" content=\"article\" \/>\n<meta property=\"og:title\" content=\"La C\u00e1tedra ENIA-UPV publica las bases para los premios a mejor TFG y TFM en inteligencia artificial y desarrollo sostenible - C\u00e1tedra ENIA-UPV en IA desarrollo sostenible\" \/>\n<meta property=\"og:description\" content=\"El objetivo de estos galardones es reconocer y fomentar la exclencia acad\u00e9mica, la innovaci\u00f3n y el impacto social de los [&hellip;]\" \/>\n<meta property=\"og:url\" content=\"https:\/\/catedraeniaupvds.webs.upv.es\/index.php\/2026\/01\/20\/la-catedra-enia-upv-publica-las-bases-para-los-premios-a-mejor-tfg-y-tfm-en-inteligencia-artificial-y-desarrollo-sostenible\/\" \/>\n<meta property=\"og:site_name\" content=\"C\u00e1tedra ENIA-UPV en IA desarrollo sostenible\" \/>\n<meta property=\"article:published_time\" content=\"2026-01-20T14:24:04+00:00\" \/>\n<meta property=\"article:modified_time\" content=\"2026-01-20T15:25:27+00:00\" \/>\n<meta property=\"og:image\" content=\"https:\/\/catedraeniaupvds.webs.upv.es\/wp-content\/uploads\/2026\/01\/Designer-1024x683.png\" \/>\n\t<meta property=\"og:image:width\" content=\"1024\" \/>\n\t<meta property=\"og:image:height\" content=\"683\" \/>\n\t<meta property=\"og:image:type\" content=\"image\/png\" \/>\n<meta name=\"author\" content=\"Leire Villarroya Mart\u00ednez\" \/>\n<meta name=\"twitter:card\" content=\"summary_large_image\" \/>\n<meta name=\"twitter:label1\" content=\"Escrito por\" \/>\n\t<meta name=\"twitter:data1\" content=\"Leire Villarroya Mart\u00ednez\" \/>\n\t<meta name=\"twitter:label2\" content=\"Tiempo de lectura\" \/>\n\t<meta name=\"twitter:data2\" content=\"3 minutos\" \/>\n<script type=\"application\/ld+json\" class=\"yoast-schema-graph\">{\"@context\":\"https:\/\/schema.org\",\"@graph\":[{\"@type\":\"Article\",\"@id\":\"https:\/\/catedraeniaupvds.webs.upv.es\/index.php\/2026\/01\/20\/la-catedra-enia-upv-publica-las-bases-para-los-premios-a-mejor-tfg-y-tfm-en-inteligencia-artificial-y-desarrollo-sostenible\/#article\",\"isPartOf\":{\"@id\":\"https:\/\/catedraeniaupvds.webs.upv.es\/index.php\/2026\/01\/20\/la-catedra-enia-upv-publica-las-bases-para-los-premios-a-mejor-tfg-y-tfm-en-inteligencia-artificial-y-desarrollo-sostenible\/\"},\"author\":{\"name\":\"Leire Villarroya Mart\u00ednez\",\"@id\":\"https:\/\/catedraeniaupvds.webs.upv.es\/#\/schema\/person\/36a6334e0a8a134e3c45bada3a268407\"},\"headline\":\"La C\u00e1tedra ENIA-UPV publica las bases para los premios a mejor TFG y TFM en inteligencia artificial y desarrollo sostenible\",\"datePublished\":\"2026-01-20T14:24:04+00:00\",\"dateModified\":\"2026-01-20T15:25:27+00:00\",\"mainEntityOfPage\":{\"@id\":\"https:\/\/catedraeniaupvds.webs.upv.es\/index.php\/2026\/01\/20\/la-catedra-enia-upv-publica-las-bases-para-los-premios-a-mejor-tfg-y-tfm-en-inteligencia-artificial-y-desarrollo-sostenible\/\"},\"wordCount\":523,\"commentCount\":0,\"publisher\":{\"@id\":\"https:\/\/catedraeniaupvds.webs.upv.es\/#organization\"},\"image\":{\"@id\":\"https:\/\/catedraeniaupvds.webs.upv.es\/index.php\/2026\/01\/20\/la-catedra-enia-upv-publica-las-bases-para-los-premios-a-mejor-tfg-y-tfm-en-inteligencia-artificial-y-desarrollo-sostenible\/#primaryimage\"},\"thumbnailUrl\":\"https:\/\/catedraeniaupvds.webs.upv.es\/wp-content\/uploads\/2026\/01\/Designer.png\",\"keywords\":[\"C\u00e1tedra ENIA-UPV\",\"Premios mejor TFG TFM\",\"Smart Cities\",\"sostenibilidad\"],\"articleSection\":[\"Noticias\"],\"inLanguage\":\"es\",\"potentialAction\":[{\"@type\":\"CommentAction\",\"name\":\"Comment\",\"target\":[\"https:\/\/catedraeniaupvds.webs.upv.es\/index.php\/2026\/01\/20\/la-catedra-enia-upv-publica-las-bases-para-los-premios-a-mejor-tfg-y-tfm-en-inteligencia-artificial-y-desarrollo-sostenible\/#respond\"]}]},{\"@type\":\"WebPage\",\"@id\":\"https:\/\/catedraeniaupvds.webs.upv.es\/index.php\/2026\/01\/20\/la-catedra-enia-upv-publica-las-bases-para-los-premios-a-mejor-tfg-y-tfm-en-inteligencia-artificial-y-desarrollo-sostenible\/\",\"url\":\"https:\/\/catedraeniaupvds.webs.upv.es\/index.php\/2026\/01\/20\/la-catedra-enia-upv-publica-las-bases-para-los-premios-a-mejor-tfg-y-tfm-en-inteligencia-artificial-y-desarrollo-sostenible\/\",\"name\":\"La C\u00e1tedra ENIA-UPV publica las bases para los premios a mejor TFG y TFM en inteligencia artificial y desarrollo sostenible - C\u00e1tedra ENIA-UPV en IA desarrollo sostenible\",\"isPartOf\":{\"@id\":\"https:\/\/catedraeniaupvds.webs.upv.es\/#website\"},\"primaryImageOfPage\":{\"@id\":\"https:\/\/catedraeniaupvds.webs.upv.es\/index.php\/2026\/01\/20\/la-catedra-enia-upv-publica-las-bases-para-los-premios-a-mejor-tfg-y-tfm-en-inteligencia-artificial-y-desarrollo-sostenible\/#primaryimage\"},\"image\":{\"@id\":\"https:\/\/catedraeniaupvds.webs.upv.es\/index.php\/2026\/01\/20\/la-catedra-enia-upv-publica-las-bases-para-los-premios-a-mejor-tfg-y-tfm-en-inteligencia-artificial-y-desarrollo-sostenible\/#primaryimage\"},\"thumbnailUrl\":\"https:\/\/catedraeniaupvds.webs.upv.es\/wp-content\/uploads\/2026\/01\/Designer.png\",\"datePublished\":\"2026-01-20T14:24:04+00:00\",\"dateModified\":\"2026-01-20T15:25:27+00:00\",\"breadcrumb\":{\"@id\":\"https:\/\/catedraeniaupvds.webs.upv.es\/index.php\/2026\/01\/20\/la-catedra-enia-upv-publica-las-bases-para-los-premios-a-mejor-tfg-y-tfm-en-inteligencia-artificial-y-desarrollo-sostenible\/#breadcrumb\"},\"inLanguage\":\"es\",\"potentialAction\":[{\"@type\":\"ReadAction\",\"target\":[\"https:\/\/catedraeniaupvds.webs.upv.es\/index.php\/2026\/01\/20\/la-catedra-enia-upv-publica-las-bases-para-los-premios-a-mejor-tfg-y-tfm-en-inteligencia-artificial-y-desarrollo-sostenible\/\"]}]},{\"@type\":\"ImageObject\",\"inLanguage\":\"es\",\"@id\":\"https:\/\/catedraeniaupvds.webs.upv.es\/index.php\/2026\/01\/20\/la-catedra-enia-upv-publica-las-bases-para-los-premios-a-mejor-tfg-y-tfm-en-inteligencia-artificial-y-desarrollo-sostenible\/#primaryimage\",\"url\":\"https:\/\/catedraeniaupvds.webs.upv.es\/wp-content\/uploads\/2026\/01\/Designer.png\",\"contentUrl\":\"https:\/\/catedraeniaupvds.webs.upv.es\/wp-content\/uploads\/2026\/01\/Designer.png\",\"width\":1536,\"height\":1024},{\"@type\":\"BreadcrumbList\",\"@id\":\"https:\/\/catedraeniaupvds.webs.upv.es\/index.php\/2026\/01\/20\/la-catedra-enia-upv-publica-las-bases-para-los-premios-a-mejor-tfg-y-tfm-en-inteligencia-artificial-y-desarrollo-sostenible\/#breadcrumb\",\"itemListElement\":[{\"@type\":\"ListItem\",\"position\":1,\"name\":\"Portada\",\"item\":\"https:\/\/catedraeniaupvds.webs.upv.es\/\"},{\"@type\":\"ListItem\",\"position\":2,\"name\":\"La C\u00e1tedra ENIA-UPV publica las bases para los premios a mejor TFG y TFM en inteligencia artificial y desarrollo sostenible\"}]},{\"@type\":\"WebSite\",\"@id\":\"https:\/\/catedraeniaupvds.webs.upv.es\/#website\",\"url\":\"https:\/\/catedraeniaupvds.webs.upv.es\/\",\"name\":\"C\u00e1tedra ENIA-UPV en IA desarrollo sostenible\",\"description\":\"\",\"publisher\":{\"@id\":\"https:\/\/catedraeniaupvds.webs.upv.es\/#organization\"},\"potentialAction\":[{\"@type\":\"SearchAction\",\"target\":{\"@type\":\"EntryPoint\",\"urlTemplate\":\"https:\/\/catedraeniaupvds.webs.upv.es\/?s={search_term_string}\"},\"query-input\":{\"@type\":\"PropertyValueSpecification\",\"valueRequired\":true,\"valueName\":\"search_term_string\"}}],\"inLanguage\":\"es\"},{\"@type\":\"Organization\",\"@id\":\"https:\/\/catedraeniaupvds.webs.upv.es\/#organization\",\"name\":\"C\u00e1tedra ENIA-UPV en IA desarrollo sostenible\",\"url\":\"https:\/\/catedraeniaupvds.webs.upv.es\/\",\"logo\":{\"@type\":\"ImageObject\",\"inLanguage\":\"es\",\"@id\":\"https:\/\/catedraeniaupvds.webs.upv.es\/#\/schema\/logo\/image\/\",\"url\":\"https:\/\/catedraeniaupvds.webs.upv.es\/wp-content\/uploads\/2024\/11\/logo1v4.png\",\"contentUrl\":\"https:\/\/catedraeniaupvds.webs.upv.es\/wp-content\/uploads\/2024\/11\/logo1v4.png\",\"width\":1006,\"height\":457,\"caption\":\"C\u00e1tedra ENIA-UPV en IA desarrollo sostenible\"},\"image\":{\"@id\":\"https:\/\/catedraeniaupvds.webs.upv.es\/#\/schema\/logo\/image\/\"}},{\"@type\":\"Person\",\"@id\":\"https:\/\/catedraeniaupvds.webs.upv.es\/#\/schema\/person\/36a6334e0a8a134e3c45bada3a268407\",\"name\":\"Leire Villarroya Mart\u00ednez\",\"image\":{\"@type\":\"ImageObject\",\"inLanguage\":\"es\",\"@id\":\"https:\/\/catedraeniaupvds.webs.upv.es\/#\/schema\/person\/image\/\",\"url\":\"https:\/\/secure.gravatar.com\/avatar\/9b08c9a14461ac3caa6ffcc498ca80b4c1d56ca44caf051749b9e854e7ea32ae?s=96&d=mm&r=g\",\"contentUrl\":\"https:\/\/secure.gravatar.com\/avatar\/9b08c9a14461ac3caa6ffcc498ca80b4c1d56ca44caf051749b9e854e7ea32ae?s=96&d=mm&r=g\",\"caption\":\"Leire Villarroya Mart\u00ednez\"},\"url\":\"https:\/\/catedraeniaupvds.webs.upv.es\/index.php\/author\/leire\/\"}]}<\/script>\n<!-- \/ Yoast SEO plugin. -->","yoast_head_json":{"title":"La C\u00e1tedra ENIA-UPV publica las bases para los premios a mejor TFG y TFM en inteligencia artificial y desarrollo sostenible - C\u00e1tedra ENIA-UPV en IA desarrollo sostenible","robots":{"index":"index","follow":"follow","max-snippet":"max-snippet:-1","max-image-preview":"max-image-preview:large","max-video-preview":"max-video-preview:-1"},"canonical":"https:\/\/catedraeniaupvds.webs.upv.es\/index.php\/2026\/01\/20\/la-catedra-enia-upv-publica-las-bases-para-los-premios-a-mejor-tfg-y-tfm-en-inteligencia-artificial-y-desarrollo-sostenible\/","og_locale":"es_ES","og_type":"article","og_title":"La C\u00e1tedra ENIA-UPV publica las bases para los premios a mejor TFG y TFM en inteligencia artificial y desarrollo sostenible - C\u00e1tedra ENIA-UPV en IA desarrollo sostenible","og_description":"El objetivo de estos galardones es reconocer y fomentar la exclencia acad\u00e9mica, la innovaci\u00f3n y el impacto social de los [&hellip;]","og_url":"https:\/\/catedraeniaupvds.webs.upv.es\/index.php\/2026\/01\/20\/la-catedra-enia-upv-publica-las-bases-para-los-premios-a-mejor-tfg-y-tfm-en-inteligencia-artificial-y-desarrollo-sostenible\/","og_site_name":"C\u00e1tedra ENIA-UPV en IA desarrollo sostenible","article_published_time":"2026-01-20T14:24:04+00:00","article_modified_time":"2026-01-20T15:25:27+00:00","og_image":[{"width":1024,"height":683,"url":"https:\/\/catedraeniaupvds.webs.upv.es\/wp-content\/uploads\/2026\/01\/Designer-1024x683.png","type":"image\/png"}],"author":"Leire Villarroya Mart\u00ednez","twitter_card":"summary_large_image","twitter_misc":{"Escrito por":"Leire Villarroya Mart\u00ednez","Tiempo de lectura":"3 minutos"},"schema":{"@context":"https:\/\/schema.org","@graph":[{"@type":"Article","@id":"https:\/\/catedraeniaupvds.webs.upv.es\/index.php\/2026\/01\/20\/la-catedra-enia-upv-publica-las-bases-para-los-premios-a-mejor-tfg-y-tfm-en-inteligencia-artificial-y-desarrollo-sostenible\/#article","isPartOf":{"@id":"https:\/\/catedraeniaupvds.webs.upv.es\/index.php\/2026\/01\/20\/la-catedra-enia-upv-publica-las-bases-para-los-premios-a-mejor-tfg-y-tfm-en-inteligencia-artificial-y-desarrollo-sostenible\/"},"author":{"name":"Leire Villarroya Mart\u00ednez","@id":"https:\/\/catedraeniaupvds.webs.upv.es\/#\/schema\/person\/36a6334e0a8a134e3c45bada3a268407"},"headline":"La C\u00e1tedra ENIA-UPV publica las bases para los premios a mejor TFG y TFM en inteligencia artificial y desarrollo sostenible","datePublished":"2026-01-20T14:24:04+00:00","dateModified":"2026-01-20T15:25:27+00:00","mainEntityOfPage":{"@id":"https:\/\/catedraeniaupvds.webs.upv.es\/index.php\/2026\/01\/20\/la-catedra-enia-upv-publica-las-bases-para-los-premios-a-mejor-tfg-y-tfm-en-inteligencia-artificial-y-desarrollo-sostenible\/"},"wordCount":523,"commentCount":0,"publisher":{"@id":"https:\/\/catedraeniaupvds.webs.upv.es\/#organization"},"image":{"@id":"https:\/\/catedraeniaupvds.webs.upv.es\/index.php\/2026\/01\/20\/la-catedra-enia-upv-publica-las-bases-para-los-premios-a-mejor-tfg-y-tfm-en-inteligencia-artificial-y-desarrollo-sostenible\/#primaryimage"},"thumbnailUrl":"https:\/\/catedraeniaupvds.webs.upv.es\/wp-content\/uploads\/2026\/01\/Designer.png","keywords":["C\u00e1tedra ENIA-UPV","Premios mejor TFG TFM","Smart Cities","sostenibilidad"],"articleSection":["Noticias"],"inLanguage":"es","potentialAction":[{"@type":"CommentAction","name":"Comment","target":["https:\/\/catedraeniaupvds.webs.upv.es\/index.php\/2026\/01\/20\/la-catedra-enia-upv-publica-las-bases-para-los-premios-a-mejor-tfg-y-tfm-en-inteligencia-artificial-y-desarrollo-sostenible\/#respond"]}]},{"@type":"WebPage","@id":"https:\/\/catedraeniaupvds.webs.upv.es\/index.php\/2026\/01\/20\/la-catedra-enia-upv-publica-las-bases-para-los-premios-a-mejor-tfg-y-tfm-en-inteligencia-artificial-y-desarrollo-sostenible\/","url":"https:\/\/catedraeniaupvds.webs.upv.es\/index.php\/2026\/01\/20\/la-catedra-enia-upv-publica-las-bases-para-los-premios-a-mejor-tfg-y-tfm-en-inteligencia-artificial-y-desarrollo-sostenible\/","name":"La C\u00e1tedra ENIA-UPV publica las bases para los premios a mejor TFG y TFM en inteligencia artificial y desarrollo sostenible - C\u00e1tedra ENIA-UPV en IA desarrollo sostenible","isPartOf":{"@id":"https:\/\/catedraeniaupvds.webs.upv.es\/#website"},"primaryImageOfPage":{"@id":"https:\/\/catedraeniaupvds.webs.upv.es\/index.php\/2026\/01\/20\/la-catedra-enia-upv-publica-las-bases-para-los-premios-a-mejor-tfg-y-tfm-en-inteligencia-artificial-y-desarrollo-sostenible\/#primaryimage"},"image":{"@id":"https:\/\/catedraeniaupvds.webs.upv.es\/index.php\/2026\/01\/20\/la-catedra-enia-upv-publica-las-bases-para-los-premios-a-mejor-tfg-y-tfm-en-inteligencia-artificial-y-desarrollo-sostenible\/#primaryimage"},"thumbnailUrl":"https:\/\/catedraeniaupvds.webs.upv.es\/wp-content\/uploads\/2026\/01\/Designer.png","datePublished":"2026-01-20T14:24:04+00:00","dateModified":"2026-01-20T15:25:27+00:00","breadcrumb":{"@id":"https:\/\/catedraeniaupvds.webs.upv.es\/index.php\/2026\/01\/20\/la-catedra-enia-upv-publica-las-bases-para-los-premios-a-mejor-tfg-y-tfm-en-inteligencia-artificial-y-desarrollo-sostenible\/#breadcrumb"},"inLanguage":"es","potentialAction":[{"@type":"ReadAction","target":["https:\/\/catedraeniaupvds.webs.upv.es\/index.php\/2026\/01\/20\/la-catedra-enia-upv-publica-las-bases-para-los-premios-a-mejor-tfg-y-tfm-en-inteligencia-artificial-y-desarrollo-sostenible\/"]}]},{"@type":"ImageObject","inLanguage":"es","@id":"https:\/\/catedraeniaupvds.webs.upv.es\/index.php\/2026\/01\/20\/la-catedra-enia-upv-publica-las-bases-para-los-premios-a-mejor-tfg-y-tfm-en-inteligencia-artificial-y-desarrollo-sostenible\/#primaryimage","url":"https:\/\/catedraeniaupvds.webs.upv.es\/wp-content\/uploads\/2026\/01\/Designer.png","contentUrl":"https:\/\/catedraeniaupvds.webs.upv.es\/wp-content\/uploads\/2026\/01\/Designer.png","width":1536,"height":1024},{"@type":"BreadcrumbList","@id":"https:\/\/catedraeniaupvds.webs.upv.es\/index.php\/2026\/01\/20\/la-catedra-enia-upv-publica-las-bases-para-los-premios-a-mejor-tfg-y-tfm-en-inteligencia-artificial-y-desarrollo-sostenible\/#breadcrumb","itemListElement":[{"@type":"ListItem","position":1,"name":"Portada","item":"https:\/\/catedraeniaupvds.webs.upv.es\/"},{"@type":"ListItem","position":2,"name":"La C\u00e1tedra ENIA-UPV publica las bases para los premios a mejor TFG y TFM en inteligencia artificial y desarrollo sostenible"}]},{"@type":"WebSite","@id":"https:\/\/catedraeniaupvds.webs.upv.es\/#website","url":"https:\/\/catedraeniaupvds.webs.upv.es\/","name":"C\u00e1tedra ENIA-UPV en IA desarrollo sostenible","description":"","publisher":{"@id":"https:\/\/catedraeniaupvds.webs.upv.es\/#organization"},"potentialAction":[{"@type":"SearchAction","target":{"@type":"EntryPoint","urlTemplate":"https:\/\/catedraeniaupvds.webs.upv.es\/?s={search_term_string}"},"query-input":{"@type":"PropertyValueSpecification","valueRequired":true,"valueName":"search_term_string"}}],"inLanguage":"es"},{"@type":"Organization","@id":"https:\/\/catedraeniaupvds.webs.upv.es\/#organization","name":"C\u00e1tedra ENIA-UPV en IA desarrollo sostenible","url":"https:\/\/catedraeniaupvds.webs.upv.es\/","logo":{"@type":"ImageObject","inLanguage":"es","@id":"https:\/\/catedraeniaupvds.webs.upv.es\/#\/schema\/logo\/image\/","url":"https:\/\/catedraeniaupvds.webs.upv.es\/wp-content\/uploads\/2024\/11\/logo1v4.png","contentUrl":"https:\/\/catedraeniaupvds.webs.upv.es\/wp-content\/uploads\/2024\/11\/logo1v4.png","width":1006,"height":457,"caption":"C\u00e1tedra ENIA-UPV en IA desarrollo sostenible"},"image":{"@id":"https:\/\/catedraeniaupvds.webs.upv.es\/#\/schema\/logo\/image\/"}},{"@type":"Person","@id":"https:\/\/catedraeniaupvds.webs.upv.es\/#\/schema\/person\/36a6334e0a8a134e3c45bada3a268407","name":"Leire Villarroya Mart\u00ednez","image":{"@type":"ImageObject","inLanguage":"es","@id":"https:\/\/catedraeniaupvds.webs.upv.es\/#\/schema\/person\/image\/","url":"https:\/\/secure.gravatar.com\/avatar\/9b08c9a14461ac3caa6ffcc498ca80b4c1d56ca44caf051749b9e854e7ea32ae?s=96&d=mm&r=g","contentUrl":"https:\/\/secure.gravatar.com\/avatar\/9b08c9a14461ac3caa6ffcc498ca80b4c1d56ca44caf051749b9e854e7ea32ae?s=96&d=mm&r=g","caption":"Leire Villarroya Mart\u00ednez"},"url":"https:\/\/catedraeniaupvds.webs.upv.es\/index.php\/author\/leire\/"}]}},"rttpg_featured_image_url":{"full":["https:\/\/catedraeniaupvds.webs.upv.es\/wp-content\/uploads\/2026\/01\/Designer.png",1536,1024,false],"landscape":["https:\/\/catedraeniaupvds.webs.upv.es\/wp-content\/uploads\/2026\/01\/Designer.png",1536,1024,false],"portraits":["https:\/\/catedraeniaupvds.webs.upv.es\/wp-content\/uploads\/2026\/01\/Designer.png",1536,1024,false],"thumbnail":["https:\/\/catedraeniaupvds.webs.upv.es\/wp-content\/uploads\/2026\/01\/Designer-150x150.png",150,150,true],"medium":["https:\/\/catedraeniaupvds.webs.upv.es\/wp-content\/uploads\/2026\/01\/Designer-300x200.png",300,200,true],"large":["https:\/\/catedraeniaupvds.webs.upv.es\/wp-content\/uploads\/2026\/01\/Designer-1024x683.png",1024,683,true],"1536x1536":["https:\/\/catedraeniaupvds.webs.upv.es\/wp-content\/uploads\/2026\/01\/Designer.png",1536,1024,false],"2048x2048":["https:\/\/catedraeniaupvds.webs.upv.es\/wp-content\/uploads\/2026\/01\/Designer.png",1536,1024,false]},"rttpg_author":{"display_name":"Leire Villarroya Mart\u00ednez","author_link":"https:\/\/catedraeniaupvds.webs.upv.es\/index.php\/author\/leire\/"},"rttpg_comment":3,"rttpg_category":"<a href=\"https:\/\/catedraeniaupvds.webs.upv.es\/index.php\/category\/noticias\/\" rel=\"category tag\">Noticias<\/a>","rttpg_excerpt":"El objetivo de estos galardones es reconocer y fomentar la exclencia acad\u00e9mica, la innovaci\u00f3n y el impacto social de los [&hellip;]","_links":{"self":[{"href":"https:\/\/catedraeniaupvds.webs.upv.es\/index.php\/wp-json\/wp\/v2\/posts\/805","targetHints":{"allow":["GET"]}}],"collection":[{"href":"https:\/\/catedraeniaupvds.webs.upv.es\/index.php\/wp-json\/wp\/v2\/posts"}],"about":[{"href":"https:\/\/catedraeniaupvds.webs.upv.es\/index.php\/wp-json\/wp\/v2\/types\/post"}],"author":[{"embeddable":true,"href":"https:\/\/catedraeniaupvds.webs.upv.es\/index.php\/wp-json\/wp\/v2\/users\/2"}],"replies":[{"embeddable":true,"href":"https:\/\/catedraeniaupvds.webs.upv.es\/index.php\/wp-json\/wp\/v2\/comments?post=805"}],"version-history":[{"count":2,"href":"https:\/\/catedraeniaupvds.webs.upv.es\/index.php\/wp-json\/wp\/v2\/posts\/805\/revisions"}],"predecessor-version":[{"id":808,"href":"https:\/\/catedraeniaupvds.webs.upv.es\/index.php\/wp-json\/wp\/v2\/posts\/805\/revisions\/808"}],"wp:featuredmedia":[{"embeddable":true,"href":"https:\/\/catedraeniaupvds.webs.upv.es\/index.php\/wp-json\/wp\/v2\/media\/794"}],"wp:attachment":[{"href":"https:\/\/catedraeniaupvds.webs.upv.es\/index.php\/wp-json\/wp\/v2\/media?parent=805"}],"wp:term":[{"taxonomy":"category","embeddable":true,"href":"https:\/\/catedraeniaupvds.webs.upv.es\/index.php\/wp-json\/wp\/v2\/categories?post=805"},{"taxonomy":"post_tag","embeddable":true,"href":"https:\/\/catedraeniaupvds.webs.upv.es\/index.php\/wp-json\/wp\/v2\/tags?post=805"}],"curies":[{"name":"wp","href":"https:\/\/api.w.org\/{rel}","templated":true}]}}