{"id":813,"date":"2026-01-27T10:01:28","date_gmt":"2026-01-27T10:01:28","guid":{"rendered":"https:\/\/catedraeniaupvds.webs.upv.es\/?p=813"},"modified":"2026-01-27T10:01:32","modified_gmt":"2026-01-27T10:01:32","slug":"la-catedra-enia-upv-abordara-el-papel-estrategico-de-la-inteligencia-artificial-para-el-avance-de-ciudades-sostenibles-en-una-jornada","status":"publish","type":"post","link":"https:\/\/catedraeniaupvds.webs.upv.es\/index.php\/2026\/01\/27\/la-catedra-enia-upv-abordara-el-papel-estrategico-de-la-inteligencia-artificial-para-el-avance-de-ciudades-sostenibles-en-una-jornada\/","title":{"rendered":"La C\u00e1tedra ENIA-UPV abordar\u00e1 el papel estrat\u00e9gico de la inteligencia artificial para el avance de ciudades sostenibles \u00a0en una jornada"},"content":{"rendered":"\n<h6 class=\"wp-block-heading\"><strong>La jornada, que se celebrar\u00e1 el 19 de febrero en el sal\u00f3n de actos de la ETSINF de la UPV, contar\u00e1 con una mesa de debate que analizar\u00e1 los desaf\u00edos que afrontan las ciudades inteligentes en la actualidad <\/strong><\/h6>\n\n\n\n<p><strong><u>Val\u00e8ncia, 27 de enero de 2026.<\/u><\/strong> La C\u00e1tedra ENIA-UPV, con Nunsys Group como empresa promotora, abordar\u00e1 el papel estrat\u00e9gico de la inteligencia artificial como palanca para avanzar hacia un concepto de ciudad m\u00e1s sostenible, resiliente y centrada en las personas en una jornada gratuita. La jornada, bajo el t\u00edtulo <strong>\u201cJornada IA y sostenibilidad; un viaje de talento, ciencia y futuro\u201d<\/strong>, y <a href=\"https:\/\/forms.office.com\/pages\/responsepage.aspx?id=31VGvnOsH0CnrhmMO3LQxtdK4U0JjmBKuvpNhAfvhplUQVowQU04NUtHQUg3SkI4SEw3TENOOEtLWS4u&amp;origin=lprLink&amp;route=shorturl\">a la que te puedes inscribir aqu\u00ed,<\/a> se celebrar\u00e1 el <strong>19 de febrero<\/strong> en el sal\u00f3n de actos de la Escuela T\u00e9cnica Superior de Ingenier\u00eda Inform\u00e1tica (ETSINF) de la Universitat Polit\u00e8cnica de Val\u00e8ncia.<\/p>\n\n\n\n<p>Su objetivo es poner en valor el talento investigador, la transferencia de conocimiento y el papel estrat\u00e9gico de la inteligencia artificial (IA) para vertebrar ciudades m\u00e1s sostenibles, as\u00ed como la necesidad de que la inteligencia artificial sea una tecnolog\u00eda transversal en todos los grados de la UPV para lograr profesionales preparados en cada una de las \u00e1reas t\u00e9cnicas.<\/p>\n\n\n\n<p>En el acto central de la jornada los investigadores e investigadoras predoctorales expondr\u00e1n los proyectos que han desarrollado y unen la inteligencia artificial con la sostenibilidad en \u00e1reas como la optimizaci\u00f3n de la vigilancia tur\u00edstica, an\u00e1lisis de cultivos mediante drones, comportamiento animal mediante visi\u00f3n artificial, chatbots conversacionales con memoria, invernaderos inteligentes, modelo predictivo para el transporte sanitario no urgente, y detecci\u00f3n automatizada de micropl\u00e1sticos.<\/p>\n\n\n\n<p>La apertura del acto correr\u00e1 a cargo del <strong>director de la C\u00e1tedra ENIA-UPV<\/strong>, y director del <strong>Instituto Universitario Valenciano de Investigaci\u00f3n en Inteligencia Artificial (VRAIN)<\/strong>, Vicent Botti y contar\u00e1 con la participaci\u00f3n&nbsp; de la <strong>vicerrectora de Empleo, Formaci\u00f3n Permanente y Lenguas de la UPV, Elena de la Poza.<\/strong> Tras la exposici\u00f3n de proyectos se llevar\u00e1 a cabo un espacio de di\u00e1logo bajo el t\u00edtulo \u201cGemelos digitales y agentes de IA para ciudades sostenibles; interoperabilidad, confianza y operaci\u00f3n\u201d moderada por Vicent Botti.<\/p>\n\n\n\n<p><strong>Desaf\u00edos que afrontan las ciudades inteligentes<\/strong><\/p>\n\n\n\n<p>En ella, participar\u00e1n la directora de innovaci\u00f3n en producto de Nunsys Group, Patricia Tamarit, el investigador del Instituto de Investigaci\u00f3n Universitario en Ingenier\u00eda Energ\u00e9tica (IUIIE) de la UPV, Tom\u00e1s G\u00f3mez, y el jefe de Servicio de ciudades inteligentes y gesti\u00f3n de datos del Ayuntamiento de Val\u00e8ncia, Ernesto Faubel, y se generar\u00e1 un debate sobre los desaf\u00edos que afrontan en la actualidad las ciudades inteligentes.<\/p>\n\n\n\n<p>La jornada concluir\u00e1 con la entrega de premios a los mejores Trabajos Fin de Grado (TFG) y mejores Trabajo Fin de M\u00e1ster (TFM) de la C\u00e1tedra ENIA-UPV en Inteligencia Artificial y Desarrollo Sostenible.<\/p>\n\n\n\n<p>Tal y como destaca el director de la C\u00e1tedra ENIA-UPV en inteligencia artificial y desarrollo sostenible, Vicent Botti, \u201c<em>el objetivo estrat\u00e9gico es crear un sello de calidad dentro del sistema universitario en cuanto a estudios de IA y su aplicaci\u00f3n al desarrollo sostenible, mediante la atracci\u00f3n y generaci\u00f3n de talento formativo e investigador. Queremos que cualquier persona que se forme en un grado t\u00e9cnico tenga una formaci\u00f3n m\u00ednima en inteligencia artificial que le permita usar esta tecnolog\u00eda en el d\u00eda a d\u00eda de su labor profesional y responder a las demandas que est\u00e1n viniendo por parte de las empresas<\/em>\u201d.<\/p>\n\n\n\n<p>El reto, a\u00f1ade, &nbsp;es \u201c<em>ser una de las primeras universidades en conseguir este objetivo para satisfacer la alta demanda de profesionales que existe en el mercado laboral con este perfil. En la actualidad, la C\u00e1tedra cuenta adem\u00e1s con formaci\u00f3n especializada en IA dentro de diferentes grados y posgrados de la UPV y 9 t\u00edtulos propios que se encuentran en preparaci\u00f3n<\/em>\u201d.<\/p>\n\n\n\n<p><strong>Sobre C\u00e1tedra ENIA-UPV &nbsp;&nbsp;&nbsp;<\/strong><\/p>\n\n\n\n<p>La C\u00e1tedra ENIA-UPV nace con el objetivo de formar a los egresados de las titulaciones de la UPV en inteligencia artificial para resolver problemas de desarrollo sostenible, ya que la IA se est\u00e1 convirtiendo en una tecnolog\u00eda transversal requerida en la formaci\u00f3n de diversas titulaciones. En esta labor cuenta con el respaldo de la firma tecnol\u00f3gica Nunsys Group como empresa promotora y concienciada con el reto de hacer llegar a cualquier compa\u00f1\u00eda, independientemente de su tama\u00f1o, todas las tecnolog\u00edas disponibles en la actualidad.&nbsp;&nbsp; &nbsp;<\/p>\n\n\n\n<p>Otro de los objetivos de esta c\u00e1tedra es fomentar la cooperaci\u00f3n entre los mejores equipos de investigaci\u00f3n de la UPV y crear un sello de calidad dentro del sistema universitario mundial. Esta c\u00e1tedra pretende ser un revulsivo para el modelo productivo de la Comunitat Valenciana y ayudar al sector empresarial para que incorpore en sus procesos la IA, y evitar as\u00ed la brecha digital.<\/p>\n\n\n\n<p>La C\u00e1tedra ENIA-UPV tiene entre sus prioridades una IA para la sociedad con ciudades y territorios inteligentes sostenibles. A trav\u00e9s del desarrollo para las econom\u00edas nacionales, las aplicaciones para mejorar la movilidad y la seguridad, la mejora de la sostenibilidad de las ciudades y las tecnolog\u00edas de la IA para el desarrollo de capacidades sensoriales artificiales.<\/p>\n","protected":false},"excerpt":{"rendered":"<p>La jornada, que se celebrar\u00e1 el 19 de febrero en el sal\u00f3n de actos de la ETSINF de la UPV, [&hellip;]<\/p>\n","protected":false},"author":2,"featured_media":814,"comment_status":"open","ping_status":"closed","sticky":false,"template":"","format":"standard","meta":{"site-sidebar-layout":"default","site-content-layout":"","ast-site-content-layout":"default","site-content-style":"default","site-sidebar-style":"default","ast-global-header-display":"","ast-banner-title-visibility":"","ast-main-header-display":"","ast-hfb-above-header-display":"","ast-hfb-below-header-display":"","ast-hfb-mobile-header-display":"","site-post-title":"","ast-breadcrumbs-content":"","ast-featured-img":"disabled","footer-sml-layout":"","ast-disable-related-posts":"","theme-transparent-header-meta":"","adv-header-id-meta":"","stick-header-meta":"","header-above-stick-meta":"","header-main-stick-meta":"","header-below-stick-meta":"","astra-migrate-meta-layouts":"default","ast-page-background-enabled":"default","ast-page-background-meta":{"desktop":{"background-color":"var(--ast-global-color-4)","background-image":"","background-repeat":"repeat","background-position":"center center","background-size":"auto","background-attachment":"scroll","background-type":"","background-media":"","overlay-type":"","overlay-color":"","overlay-opacity":"","overlay-gradient":""},"tablet":{"background-color":"","background-image":"","background-repeat":"repeat","background-position":"center center","background-size":"auto","background-attachment":"scroll","background-type":"","background-media":"","overlay-type":"","overlay-color":"","overlay-opacity":"","overlay-gradient":""},"mobile":{"background-color":"","background-image":"","background-repeat":"repeat","background-position":"center center","background-size":"auto","background-attachment":"scroll","background-type":"","background-media":"","overlay-type":"","overlay-color":"","overlay-opacity":"","overlay-gradient":""}},"ast-content-background-meta":{"desktop":{"background-color":"var(--ast-global-color-5)","background-image":"","background-repeat":"repeat","background-position":"center center","background-size":"auto","background-attachment":"scroll","background-type":"","background-media":"","overlay-type":"","overlay-color":"","overlay-opacity":"","overlay-gradient":""},"tablet":{"background-color":"var(--ast-global-color-5)","background-image":"","background-repeat":"repeat","background-position":"center center","background-size":"auto","background-attachment":"scroll","background-type":"","background-media":"","overlay-type":"","overlay-color":"","overlay-opacity":"","overlay-gradient":""},"mobile":{"background-color":"var(--ast-global-color-5)","background-image":"","background-repeat":"repeat","background-position":"center center","background-size":"auto","background-attachment":"scroll","background-type":"","background-media":"","overlay-type":"","overlay-color":"","overlay-opacity":"","overlay-gradient":""}},"footnotes":""},"categories":[4],"tags":[6,19,12,13,8],"class_list":["post-813","post","type-post","status-publish","format-standard","has-post-thumbnail","hentry","category-noticias","tag-catedra-enia-upv","tag-futuro-sostenible","tag-ia","tag-smart-cities","tag-sostenibilidad"],"yoast_head":"<!-- This site is optimized with the Yoast SEO plugin v24.2 - https:\/\/yoast.com\/wordpress\/plugins\/seo\/ -->\n<title>La C\u00e1tedra ENIA-UPV abordar\u00e1 el papel estrat\u00e9gico de la inteligencia artificial para el avance de ciudades sostenibles \u00a0en una jornada - C\u00e1tedra ENIA-UPV en IA desarrollo sostenible<\/title>\n<meta name=\"robots\" content=\"index, follow, max-snippet:-1, max-image-preview:large, max-video-preview:-1\" \/>\n<link rel=\"canonical\" href=\"https:\/\/catedraeniaupvds.webs.upv.es\/index.php\/2026\/01\/27\/la-catedra-enia-upv-abordara-el-papel-estrategico-de-la-inteligencia-artificial-para-el-avance-de-ciudades-sostenibles-en-una-jornada\/\" \/>\n<meta property=\"og:locale\" content=\"es_ES\" \/>\n<meta property=\"og:type\" content=\"article\" \/>\n<meta property=\"og:title\" content=\"La C\u00e1tedra ENIA-UPV abordar\u00e1 el papel estrat\u00e9gico de la inteligencia artificial para el avance de ciudades sostenibles \u00a0en una jornada - C\u00e1tedra ENIA-UPV en IA desarrollo sostenible\" \/>\n<meta property=\"og:description\" content=\"La jornada, que se celebrar\u00e1 el 19 de febrero en el sal\u00f3n de actos de la ETSINF de la UPV, [&hellip;]\" \/>\n<meta property=\"og:url\" content=\"https:\/\/catedraeniaupvds.webs.upv.es\/index.php\/2026\/01\/27\/la-catedra-enia-upv-abordara-el-papel-estrategico-de-la-inteligencia-artificial-para-el-avance-de-ciudades-sostenibles-en-una-jornada\/\" \/>\n<meta property=\"og:site_name\" content=\"C\u00e1tedra ENIA-UPV en IA desarrollo sostenible\" \/>\n<meta property=\"article:published_time\" content=\"2026-01-27T10:01:28+00:00\" \/>\n<meta property=\"article:modified_time\" content=\"2026-01-27T10:01:32+00:00\" \/>\n<meta property=\"og:image\" content=\"https:\/\/catedraeniaupvds.webs.upv.es\/wp-content\/uploads\/2026\/01\/Jornada-IA-19-febrero-1024x576.png\" \/>\n\t<meta property=\"og:image:width\" content=\"1024\" \/>\n\t<meta property=\"og:image:height\" content=\"576\" \/>\n\t<meta property=\"og:image:type\" content=\"image\/png\" \/>\n<meta name=\"author\" content=\"Leire Villarroya Mart\u00ednez\" \/>\n<meta name=\"twitter:card\" content=\"summary_large_image\" \/>\n<meta name=\"twitter:label1\" content=\"Escrito por\" \/>\n\t<meta name=\"twitter:data1\" content=\"Leire Villarroya Mart\u00ednez\" \/>\n\t<meta name=\"twitter:label2\" content=\"Tiempo de lectura\" \/>\n\t<meta name=\"twitter:data2\" content=\"4 minutos\" \/>\n<script type=\"application\/ld+json\" class=\"yoast-schema-graph\">{\"@context\":\"https:\/\/schema.org\",\"@graph\":[{\"@type\":\"Article\",\"@id\":\"https:\/\/catedraeniaupvds.webs.upv.es\/index.php\/2026\/01\/27\/la-catedra-enia-upv-abordara-el-papel-estrategico-de-la-inteligencia-artificial-para-el-avance-de-ciudades-sostenibles-en-una-jornada\/#article\",\"isPartOf\":{\"@id\":\"https:\/\/catedraeniaupvds.webs.upv.es\/index.php\/2026\/01\/27\/la-catedra-enia-upv-abordara-el-papel-estrategico-de-la-inteligencia-artificial-para-el-avance-de-ciudades-sostenibles-en-una-jornada\/\"},\"author\":{\"name\":\"Leire Villarroya Mart\u00ednez\",\"@id\":\"https:\/\/catedraeniaupvds.webs.upv.es\/#\/schema\/person\/36a6334e0a8a134e3c45bada3a268407\"},\"headline\":\"La C\u00e1tedra ENIA-UPV abordar\u00e1 el papel estrat\u00e9gico de la inteligencia artificial para el avance de ciudades sostenibles \u00a0en una jornada\",\"datePublished\":\"2026-01-27T10:01:28+00:00\",\"dateModified\":\"2026-01-27T10:01:32+00:00\",\"mainEntityOfPage\":{\"@id\":\"https:\/\/catedraeniaupvds.webs.upv.es\/index.php\/2026\/01\/27\/la-catedra-enia-upv-abordara-el-papel-estrategico-de-la-inteligencia-artificial-para-el-avance-de-ciudades-sostenibles-en-una-jornada\/\"},\"wordCount\":907,\"commentCount\":0,\"publisher\":{\"@id\":\"https:\/\/catedraeniaupvds.webs.upv.es\/#organization\"},\"image\":{\"@id\":\"https:\/\/catedraeniaupvds.webs.upv.es\/index.php\/2026\/01\/27\/la-catedra-enia-upv-abordara-el-papel-estrategico-de-la-inteligencia-artificial-para-el-avance-de-ciudades-sostenibles-en-una-jornada\/#primaryimage\"},\"thumbnailUrl\":\"https:\/\/catedraeniaupvds.webs.upv.es\/wp-content\/uploads\/2026\/01\/Jornada-IA-19-febrero.png\",\"keywords\":[\"C\u00e1tedra ENIA-UPV\",\"Futuro sostenible\",\"IA\",\"Smart Cities\",\"sostenibilidad\"],\"articleSection\":[\"Noticias\"],\"inLanguage\":\"es\",\"potentialAction\":[{\"@type\":\"CommentAction\",\"name\":\"Comment\",\"target\":[\"https:\/\/catedraeniaupvds.webs.upv.es\/index.php\/2026\/01\/27\/la-catedra-enia-upv-abordara-el-papel-estrategico-de-la-inteligencia-artificial-para-el-avance-de-ciudades-sostenibles-en-una-jornada\/#respond\"]}]},{\"@type\":\"WebPage\",\"@id\":\"https:\/\/catedraeniaupvds.webs.upv.es\/index.php\/2026\/01\/27\/la-catedra-enia-upv-abordara-el-papel-estrategico-de-la-inteligencia-artificial-para-el-avance-de-ciudades-sostenibles-en-una-jornada\/\",\"url\":\"https:\/\/catedraeniaupvds.webs.upv.es\/index.php\/2026\/01\/27\/la-catedra-enia-upv-abordara-el-papel-estrategico-de-la-inteligencia-artificial-para-el-avance-de-ciudades-sostenibles-en-una-jornada\/\",\"name\":\"La C\u00e1tedra ENIA-UPV abordar\u00e1 el papel estrat\u00e9gico de la inteligencia artificial para el avance de ciudades sostenibles \u00a0en una jornada - C\u00e1tedra ENIA-UPV en IA desarrollo sostenible\",\"isPartOf\":{\"@id\":\"https:\/\/catedraeniaupvds.webs.upv.es\/#website\"},\"primaryImageOfPage\":{\"@id\":\"https:\/\/catedraeniaupvds.webs.upv.es\/index.php\/2026\/01\/27\/la-catedra-enia-upv-abordara-el-papel-estrategico-de-la-inteligencia-artificial-para-el-avance-de-ciudades-sostenibles-en-una-jornada\/#primaryimage\"},\"image\":{\"@id\":\"https:\/\/catedraeniaupvds.webs.upv.es\/index.php\/2026\/01\/27\/la-catedra-enia-upv-abordara-el-papel-estrategico-de-la-inteligencia-artificial-para-el-avance-de-ciudades-sostenibles-en-una-jornada\/#primaryimage\"},\"thumbnailUrl\":\"https:\/\/catedraeniaupvds.webs.upv.es\/wp-content\/uploads\/2026\/01\/Jornada-IA-19-febrero.png\",\"datePublished\":\"2026-01-27T10:01:28+00:00\",\"dateModified\":\"2026-01-27T10:01:32+00:00\",\"breadcrumb\":{\"@id\":\"https:\/\/catedraeniaupvds.webs.upv.es\/index.php\/2026\/01\/27\/la-catedra-enia-upv-abordara-el-papel-estrategico-de-la-inteligencia-artificial-para-el-avance-de-ciudades-sostenibles-en-una-jornada\/#breadcrumb\"},\"inLanguage\":\"es\",\"potentialAction\":[{\"@type\":\"ReadAction\",\"target\":[\"https:\/\/catedraeniaupvds.webs.upv.es\/index.php\/2026\/01\/27\/la-catedra-enia-upv-abordara-el-papel-estrategico-de-la-inteligencia-artificial-para-el-avance-de-ciudades-sostenibles-en-una-jornada\/\"]}]},{\"@type\":\"ImageObject\",\"inLanguage\":\"es\",\"@id\":\"https:\/\/catedraeniaupvds.webs.upv.es\/index.php\/2026\/01\/27\/la-catedra-enia-upv-abordara-el-papel-estrategico-de-la-inteligencia-artificial-para-el-avance-de-ciudades-sostenibles-en-una-jornada\/#primaryimage\",\"url\":\"https:\/\/catedraeniaupvds.webs.upv.es\/wp-content\/uploads\/2026\/01\/Jornada-IA-19-febrero.png\",\"contentUrl\":\"https:\/\/catedraeniaupvds.webs.upv.es\/wp-content\/uploads\/2026\/01\/Jornada-IA-19-febrero.png\",\"width\":1920,\"height\":1080},{\"@type\":\"BreadcrumbList\",\"@id\":\"https:\/\/catedraeniaupvds.webs.upv.es\/index.php\/2026\/01\/27\/la-catedra-enia-upv-abordara-el-papel-estrategico-de-la-inteligencia-artificial-para-el-avance-de-ciudades-sostenibles-en-una-jornada\/#breadcrumb\",\"itemListElement\":[{\"@type\":\"ListItem\",\"position\":1,\"name\":\"Portada\",\"item\":\"https:\/\/catedraeniaupvds.webs.upv.es\/\"},{\"@type\":\"ListItem\",\"position\":2,\"name\":\"La C\u00e1tedra ENIA-UPV abordar\u00e1 el papel estrat\u00e9gico de la inteligencia artificial para el avance de ciudades sostenibles \u00a0en una jornada\"}]},{\"@type\":\"WebSite\",\"@id\":\"https:\/\/catedraeniaupvds.webs.upv.es\/#website\",\"url\":\"https:\/\/catedraeniaupvds.webs.upv.es\/\",\"name\":\"C\u00e1tedra ENIA-UPV en IA desarrollo sostenible\",\"description\":\"\",\"publisher\":{\"@id\":\"https:\/\/catedraeniaupvds.webs.upv.es\/#organization\"},\"potentialAction\":[{\"@type\":\"SearchAction\",\"target\":{\"@type\":\"EntryPoint\",\"urlTemplate\":\"https:\/\/catedraeniaupvds.webs.upv.es\/?s={search_term_string}\"},\"query-input\":{\"@type\":\"PropertyValueSpecification\",\"valueRequired\":true,\"valueName\":\"search_term_string\"}}],\"inLanguage\":\"es\"},{\"@type\":\"Organization\",\"@id\":\"https:\/\/catedraeniaupvds.webs.upv.es\/#organization\",\"name\":\"C\u00e1tedra ENIA-UPV en IA desarrollo sostenible\",\"url\":\"https:\/\/catedraeniaupvds.webs.upv.es\/\",\"logo\":{\"@type\":\"ImageObject\",\"inLanguage\":\"es\",\"@id\":\"https:\/\/catedraeniaupvds.webs.upv.es\/#\/schema\/logo\/image\/\",\"url\":\"https:\/\/catedraeniaupvds.webs.upv.es\/wp-content\/uploads\/2024\/11\/logo1v4.png\",\"contentUrl\":\"https:\/\/catedraeniaupvds.webs.upv.es\/wp-content\/uploads\/2024\/11\/logo1v4.png\",\"width\":1006,\"height\":457,\"caption\":\"C\u00e1tedra ENIA-UPV en IA desarrollo sostenible\"},\"image\":{\"@id\":\"https:\/\/catedraeniaupvds.webs.upv.es\/#\/schema\/logo\/image\/\"}},{\"@type\":\"Person\",\"@id\":\"https:\/\/catedraeniaupvds.webs.upv.es\/#\/schema\/person\/36a6334e0a8a134e3c45bada3a268407\",\"name\":\"Leire Villarroya Mart\u00ednez\",\"image\":{\"@type\":\"ImageObject\",\"inLanguage\":\"es\",\"@id\":\"https:\/\/catedraeniaupvds.webs.upv.es\/#\/schema\/person\/image\/\",\"url\":\"https:\/\/secure.gravatar.com\/avatar\/9b08c9a14461ac3caa6ffcc498ca80b4c1d56ca44caf051749b9e854e7ea32ae?s=96&d=mm&r=g\",\"contentUrl\":\"https:\/\/secure.gravatar.com\/avatar\/9b08c9a14461ac3caa6ffcc498ca80b4c1d56ca44caf051749b9e854e7ea32ae?s=96&d=mm&r=g\",\"caption\":\"Leire Villarroya Mart\u00ednez\"},\"url\":\"https:\/\/catedraeniaupvds.webs.upv.es\/index.php\/author\/leire\/\"}]}<\/script>\n<!-- \/ Yoast SEO plugin. -->","yoast_head_json":{"title":"La C\u00e1tedra ENIA-UPV abordar\u00e1 el papel estrat\u00e9gico de la inteligencia artificial para el avance de ciudades sostenibles \u00a0en una jornada - C\u00e1tedra ENIA-UPV en IA desarrollo sostenible","robots":{"index":"index","follow":"follow","max-snippet":"max-snippet:-1","max-image-preview":"max-image-preview:large","max-video-preview":"max-video-preview:-1"},"canonical":"https:\/\/catedraeniaupvds.webs.upv.es\/index.php\/2026\/01\/27\/la-catedra-enia-upv-abordara-el-papel-estrategico-de-la-inteligencia-artificial-para-el-avance-de-ciudades-sostenibles-en-una-jornada\/","og_locale":"es_ES","og_type":"article","og_title":"La C\u00e1tedra ENIA-UPV abordar\u00e1 el papel estrat\u00e9gico de la inteligencia artificial para el avance de ciudades sostenibles \u00a0en una jornada - C\u00e1tedra ENIA-UPV en IA desarrollo sostenible","og_description":"La jornada, que se celebrar\u00e1 el 19 de febrero en el sal\u00f3n de actos de la ETSINF de la UPV, [&hellip;]","og_url":"https:\/\/catedraeniaupvds.webs.upv.es\/index.php\/2026\/01\/27\/la-catedra-enia-upv-abordara-el-papel-estrategico-de-la-inteligencia-artificial-para-el-avance-de-ciudades-sostenibles-en-una-jornada\/","og_site_name":"C\u00e1tedra ENIA-UPV en IA desarrollo sostenible","article_published_time":"2026-01-27T10:01:28+00:00","article_modified_time":"2026-01-27T10:01:32+00:00","og_image":[{"width":1024,"height":576,"url":"https:\/\/catedraeniaupvds.webs.upv.es\/wp-content\/uploads\/2026\/01\/Jornada-IA-19-febrero-1024x576.png","type":"image\/png"}],"author":"Leire Villarroya Mart\u00ednez","twitter_card":"summary_large_image","twitter_misc":{"Escrito por":"Leire Villarroya Mart\u00ednez","Tiempo de lectura":"4 minutos"},"schema":{"@context":"https:\/\/schema.org","@graph":[{"@type":"Article","@id":"https:\/\/catedraeniaupvds.webs.upv.es\/index.php\/2026\/01\/27\/la-catedra-enia-upv-abordara-el-papel-estrategico-de-la-inteligencia-artificial-para-el-avance-de-ciudades-sostenibles-en-una-jornada\/#article","isPartOf":{"@id":"https:\/\/catedraeniaupvds.webs.upv.es\/index.php\/2026\/01\/27\/la-catedra-enia-upv-abordara-el-papel-estrategico-de-la-inteligencia-artificial-para-el-avance-de-ciudades-sostenibles-en-una-jornada\/"},"author":{"name":"Leire Villarroya Mart\u00ednez","@id":"https:\/\/catedraeniaupvds.webs.upv.es\/#\/schema\/person\/36a6334e0a8a134e3c45bada3a268407"},"headline":"La C\u00e1tedra ENIA-UPV abordar\u00e1 el papel estrat\u00e9gico de la inteligencia artificial para el avance de ciudades sostenibles \u00a0en una jornada","datePublished":"2026-01-27T10:01:28+00:00","dateModified":"2026-01-27T10:01:32+00:00","mainEntityOfPage":{"@id":"https:\/\/catedraeniaupvds.webs.upv.es\/index.php\/2026\/01\/27\/la-catedra-enia-upv-abordara-el-papel-estrategico-de-la-inteligencia-artificial-para-el-avance-de-ciudades-sostenibles-en-una-jornada\/"},"wordCount":907,"commentCount":0,"publisher":{"@id":"https:\/\/catedraeniaupvds.webs.upv.es\/#organization"},"image":{"@id":"https:\/\/catedraeniaupvds.webs.upv.es\/index.php\/2026\/01\/27\/la-catedra-enia-upv-abordara-el-papel-estrategico-de-la-inteligencia-artificial-para-el-avance-de-ciudades-sostenibles-en-una-jornada\/#primaryimage"},"thumbnailUrl":"https:\/\/catedraeniaupvds.webs.upv.es\/wp-content\/uploads\/2026\/01\/Jornada-IA-19-febrero.png","keywords":["C\u00e1tedra ENIA-UPV","Futuro sostenible","IA","Smart Cities","sostenibilidad"],"articleSection":["Noticias"],"inLanguage":"es","potentialAction":[{"@type":"CommentAction","name":"Comment","target":["https:\/\/catedraeniaupvds.webs.upv.es\/index.php\/2026\/01\/27\/la-catedra-enia-upv-abordara-el-papel-estrategico-de-la-inteligencia-artificial-para-el-avance-de-ciudades-sostenibles-en-una-jornada\/#respond"]}]},{"@type":"WebPage","@id":"https:\/\/catedraeniaupvds.webs.upv.es\/index.php\/2026\/01\/27\/la-catedra-enia-upv-abordara-el-papel-estrategico-de-la-inteligencia-artificial-para-el-avance-de-ciudades-sostenibles-en-una-jornada\/","url":"https:\/\/catedraeniaupvds.webs.upv.es\/index.php\/2026\/01\/27\/la-catedra-enia-upv-abordara-el-papel-estrategico-de-la-inteligencia-artificial-para-el-avance-de-ciudades-sostenibles-en-una-jornada\/","name":"La C\u00e1tedra ENIA-UPV abordar\u00e1 el papel estrat\u00e9gico de la inteligencia artificial para el avance de ciudades sostenibles \u00a0en una jornada - C\u00e1tedra ENIA-UPV en IA desarrollo sostenible","isPartOf":{"@id":"https:\/\/catedraeniaupvds.webs.upv.es\/#website"},"primaryImageOfPage":{"@id":"https:\/\/catedraeniaupvds.webs.upv.es\/index.php\/2026\/01\/27\/la-catedra-enia-upv-abordara-el-papel-estrategico-de-la-inteligencia-artificial-para-el-avance-de-ciudades-sostenibles-en-una-jornada\/#primaryimage"},"image":{"@id":"https:\/\/catedraeniaupvds.webs.upv.es\/index.php\/2026\/01\/27\/la-catedra-enia-upv-abordara-el-papel-estrategico-de-la-inteligencia-artificial-para-el-avance-de-ciudades-sostenibles-en-una-jornada\/#primaryimage"},"thumbnailUrl":"https:\/\/catedraeniaupvds.webs.upv.es\/wp-content\/uploads\/2026\/01\/Jornada-IA-19-febrero.png","datePublished":"2026-01-27T10:01:28+00:00","dateModified":"2026-01-27T10:01:32+00:00","breadcrumb":{"@id":"https:\/\/catedraeniaupvds.webs.upv.es\/index.php\/2026\/01\/27\/la-catedra-enia-upv-abordara-el-papel-estrategico-de-la-inteligencia-artificial-para-el-avance-de-ciudades-sostenibles-en-una-jornada\/#breadcrumb"},"inLanguage":"es","potentialAction":[{"@type":"ReadAction","target":["https:\/\/catedraeniaupvds.webs.upv.es\/index.php\/2026\/01\/27\/la-catedra-enia-upv-abordara-el-papel-estrategico-de-la-inteligencia-artificial-para-el-avance-de-ciudades-sostenibles-en-una-jornada\/"]}]},{"@type":"ImageObject","inLanguage":"es","@id":"https:\/\/catedraeniaupvds.webs.upv.es\/index.php\/2026\/01\/27\/la-catedra-enia-upv-abordara-el-papel-estrategico-de-la-inteligencia-artificial-para-el-avance-de-ciudades-sostenibles-en-una-jornada\/#primaryimage","url":"https:\/\/catedraeniaupvds.webs.upv.es\/wp-content\/uploads\/2026\/01\/Jornada-IA-19-febrero.png","contentUrl":"https:\/\/catedraeniaupvds.webs.upv.es\/wp-content\/uploads\/2026\/01\/Jornada-IA-19-febrero.png","width":1920,"height":1080},{"@type":"BreadcrumbList","@id":"https:\/\/catedraeniaupvds.webs.upv.es\/index.php\/2026\/01\/27\/la-catedra-enia-upv-abordara-el-papel-estrategico-de-la-inteligencia-artificial-para-el-avance-de-ciudades-sostenibles-en-una-jornada\/#breadcrumb","itemListElement":[{"@type":"ListItem","position":1,"name":"Portada","item":"https:\/\/catedraeniaupvds.webs.upv.es\/"},{"@type":"ListItem","position":2,"name":"La C\u00e1tedra ENIA-UPV abordar\u00e1 el papel estrat\u00e9gico de la inteligencia artificial para el avance de ciudades sostenibles \u00a0en una jornada"}]},{"@type":"WebSite","@id":"https:\/\/catedraeniaupvds.webs.upv.es\/#website","url":"https:\/\/catedraeniaupvds.webs.upv.es\/","name":"C\u00e1tedra ENIA-UPV en IA desarrollo sostenible","description":"","publisher":{"@id":"https:\/\/catedraeniaupvds.webs.upv.es\/#organization"},"potentialAction":[{"@type":"SearchAction","target":{"@type":"EntryPoint","urlTemplate":"https:\/\/catedraeniaupvds.webs.upv.es\/?s={search_term_string}"},"query-input":{"@type":"PropertyValueSpecification","valueRequired":true,"valueName":"search_term_string"}}],"inLanguage":"es"},{"@type":"Organization","@id":"https:\/\/catedraeniaupvds.webs.upv.es\/#organization","name":"C\u00e1tedra ENIA-UPV en IA desarrollo sostenible","url":"https:\/\/catedraeniaupvds.webs.upv.es\/","logo":{"@type":"ImageObject","inLanguage":"es","@id":"https:\/\/catedraeniaupvds.webs.upv.es\/#\/schema\/logo\/image\/","url":"https:\/\/catedraeniaupvds.webs.upv.es\/wp-content\/uploads\/2024\/11\/logo1v4.png","contentUrl":"https:\/\/catedraeniaupvds.webs.upv.es\/wp-content\/uploads\/2024\/11\/logo1v4.png","width":1006,"height":457,"caption":"C\u00e1tedra ENIA-UPV en IA desarrollo sostenible"},"image":{"@id":"https:\/\/catedraeniaupvds.webs.upv.es\/#\/schema\/logo\/image\/"}},{"@type":"Person","@id":"https:\/\/catedraeniaupvds.webs.upv.es\/#\/schema\/person\/36a6334e0a8a134e3c45bada3a268407","name":"Leire Villarroya Mart\u00ednez","image":{"@type":"ImageObject","inLanguage":"es","@id":"https:\/\/catedraeniaupvds.webs.upv.es\/#\/schema\/person\/image\/","url":"https:\/\/secure.gravatar.com\/avatar\/9b08c9a14461ac3caa6ffcc498ca80b4c1d56ca44caf051749b9e854e7ea32ae?s=96&d=mm&r=g","contentUrl":"https:\/\/secure.gravatar.com\/avatar\/9b08c9a14461ac3caa6ffcc498ca80b4c1d56ca44caf051749b9e854e7ea32ae?s=96&d=mm&r=g","caption":"Leire Villarroya Mart\u00ednez"},"url":"https:\/\/catedraeniaupvds.webs.upv.es\/index.php\/author\/leire\/"}]}},"rttpg_featured_image_url":{"full":["https:\/\/catedraeniaupvds.webs.upv.es\/wp-content\/uploads\/2026\/01\/Jornada-IA-19-febrero.png",1920,1080,false],"landscape":["https:\/\/catedraeniaupvds.webs.upv.es\/wp-content\/uploads\/2026\/01\/Jornada-IA-19-febrero.png",1920,1080,false],"portraits":["https:\/\/catedraeniaupvds.webs.upv.es\/wp-content\/uploads\/2026\/01\/Jornada-IA-19-febrero.png",1920,1080,false],"thumbnail":["https:\/\/catedraeniaupvds.webs.upv.es\/wp-content\/uploads\/2026\/01\/Jornada-IA-19-febrero-150x150.png",150,150,true],"medium":["https:\/\/catedraeniaupvds.webs.upv.es\/wp-content\/uploads\/2026\/01\/Jornada-IA-19-febrero-300x169.png",300,169,true],"large":["https:\/\/catedraeniaupvds.webs.upv.es\/wp-content\/uploads\/2026\/01\/Jornada-IA-19-febrero-1024x576.png",1024,576,true],"1536x1536":["https:\/\/catedraeniaupvds.webs.upv.es\/wp-content\/uploads\/2026\/01\/Jornada-IA-19-febrero-1536x864.png",1536,864,true],"2048x2048":["https:\/\/catedraeniaupvds.webs.upv.es\/wp-content\/uploads\/2026\/01\/Jornada-IA-19-febrero.png",1920,1080,false]},"rttpg_author":{"display_name":"Leire Villarroya Mart\u00ednez","author_link":"https:\/\/catedraeniaupvds.webs.upv.es\/index.php\/author\/leire\/"},"rttpg_comment":3,"rttpg_category":"<a href=\"https:\/\/catedraeniaupvds.webs.upv.es\/index.php\/category\/noticias\/\" rel=\"category tag\">Noticias<\/a>","rttpg_excerpt":"La jornada, que se celebrar\u00e1 el 19 de febrero en el sal\u00f3n de actos de la ETSINF de la UPV, [&hellip;]","_links":{"self":[{"href":"https:\/\/catedraeniaupvds.webs.upv.es\/index.php\/wp-json\/wp\/v2\/posts\/813","targetHints":{"allow":["GET"]}}],"collection":[{"href":"https:\/\/catedraeniaupvds.webs.upv.es\/index.php\/wp-json\/wp\/v2\/posts"}],"about":[{"href":"https:\/\/catedraeniaupvds.webs.upv.es\/index.php\/wp-json\/wp\/v2\/types\/post"}],"author":[{"embeddable":true,"href":"https:\/\/catedraeniaupvds.webs.upv.es\/index.php\/wp-json\/wp\/v2\/users\/2"}],"replies":[{"embeddable":true,"href":"https:\/\/catedraeniaupvds.webs.upv.es\/index.php\/wp-json\/wp\/v2\/comments?post=813"}],"version-history":[{"count":1,"href":"https:\/\/catedraeniaupvds.webs.upv.es\/index.php\/wp-json\/wp\/v2\/posts\/813\/revisions"}],"predecessor-version":[{"id":815,"href":"https:\/\/catedraeniaupvds.webs.upv.es\/index.php\/wp-json\/wp\/v2\/posts\/813\/revisions\/815"}],"wp:featuredmedia":[{"embeddable":true,"href":"https:\/\/catedraeniaupvds.webs.upv.es\/index.php\/wp-json\/wp\/v2\/media\/814"}],"wp:attachment":[{"href":"https:\/\/catedraeniaupvds.webs.upv.es\/index.php\/wp-json\/wp\/v2\/media?parent=813"}],"wp:term":[{"taxonomy":"category","embeddable":true,"href":"https:\/\/catedraeniaupvds.webs.upv.es\/index.php\/wp-json\/wp\/v2\/categories?post=813"},{"taxonomy":"post_tag","embeddable":true,"href":"https:\/\/catedraeniaupvds.webs.upv.es\/index.php\/wp-json\/wp\/v2\/tags?post=813"}],"curies":[{"name":"wp","href":"https:\/\/api.w.org\/{rel}","templated":true}]}}